{"id":1060,"__str__":"Indica\u00e7\u00e3o n\u00ba 161 de 2021","link_detail_backend":"/materia/1060","metadata":{},"numero":161,"ano":2021,"numero_protocolo":389,"data_apresentacao":"2021-05-12","tipo_apresentacao":"E","data_publicacao":null,"numero_origem_externa":"","ano_origem_externa":null,"data_origem_externa":null,"apelido":"","dias_prazo":null,"data_fim_prazo":null,"em_tramitacao":false,"polemica":false,"objeto":"","complementar":false,"ementa":"INDICA\u00c7\u00c3O N\u00ba 161/2021 - INCLUS\u00c3O DOS AEROVI\u00c1RIOS E AEROPORTU\u00c1RIOS DO AEROPORTO INTERNACIONAL ZUMBI DOS PALMEIRES NO GRUPO PRIORIT\u00c1RIO PARA VACINA\u00c7\u00c3O CONTRA A COVID-19.","indexacao":"","observacao":"","resultado":"","texto_original":"http://sapl.riolargo.al.leg.br/media/sapl/public/materialegislativa/2021/1060/indicacao_no_1612021_-_inclusao_dos_aeroviarios_e_aeroportuarios_do_aeroporto_internacional_zumbi_dos_palmeires_no_grupo_prioritario_para_vacinacao_contra_a_covid-19..pdf","data_ultima_atualizacao":"2021-05-13T12:39:34.270446-03:00","ip":"200.110.202.224","ultima_edicao":"2021-05-13T12:39:19.408921-03:00","tipo":8,"regime_tramitacao":1,"tipo_origem_externa":null,"local_origem_externa":null,"user":37,"anexadas":[],"autores":[2,28]}